{"id":213845,"date":"2025-06-02T13:14:17","date_gmt":"2025-06-02T10:14:17","guid":{"rendered":"https:\/\/techit.africa\/?p=213845"},"modified":"2026-06-02T14:14:44","modified_gmt":"2026-06-02T11:14:44","slug":"den-evolving-digitala-arbetsplatsen-mobilitet-som-karnkomponent","status":"publish","type":"post","link":"https:\/\/www.techit.africa\/index.php\/2025\/06\/02\/den-evolving-digitala-arbetsplatsen-mobilitet-som-karnkomponent\/","title":{"rendered":"Den Evolving Digitala Arbetsplatsen: Mobilitet som K\u00e4rnkomponent"},"content":{"rendered":"<p>\nI en v\u00e4rld d\u00e4r digital transformation \u00e4r en fundamental drivkraft, har konceptet av arbetsplatser utvecklats bortom den fysiska kontorsmilj\u00f6n. Ledare, utvecklare och IT-specialister inser alltmer att den verkliga framg\u00e5ngen ligger i att skapa s\u00f6ml\u00f6sa digitala ekosystem som m\u00f6jligg\u00f6r arbete var som helst, n\u00e4r som helst. Det \u00e4r h\u00e4r mobilitet och effektivitet kombineras f\u00f6r att omforma det moderna arbetslivet.\n<\/p>\n<h2>Mobilitetens Roll i Moderna F\u00f6retag<\/h2>\n<p>\nEnligt en rapport fr\u00e5n <em>IDC<\/em> f\u00f6r 2023 f\u00f6rv\u00e4ntas antalet mobilintegrerade arbetsenheter att \u00f6ka med 20 % \u00e5rligen de kommande fem \u00e5ren, vilket signalerar att f\u00f6retagen tar Kliv mot mer flexibla arbetsmodeller. Detta \u00e4r inte enbart en teknisk trend utan ett strategiskt skifte f\u00f6r att fr\u00e4mja distansarbete, \u00f6kad produktivitet och f\u00f6rb\u00e4ttrad arbetslivsbalans.\n<\/p>\n<table>\n<tr>\n<th>Nyckelstatistik<\/th>\n<th>Data<\/th>\n<\/tr>\n<tr>\n<td>Andel anst\u00e4llda med m\u00f6jlighet till distansarbete<\/td>\n<td>68 % (2023)<\/td>\n<\/tr>\n<tr>\n<td>Antal mobilenheter per anst\u00e4lld<\/td>\n<td>1,8 enheter<\/td>\n<\/tr>\n<tr>\n<td>\u00d6kning av IoT-enheter f\u00f6r arbets\u00e4ndam\u00e5l<\/td>\n<td>35 % (2023 j\u00e4mf\u00f6rt med 2022)<\/td>\n<\/tr>\n<tr>\n<td>Genomsnittlig tid anv\u00e4ndare tillbringar p\u00e5 mobila appar\/sec<\/td>\n<td>3 min 45 sek<\/td>\n<\/tr>\n<\/table>\n<h2>Teknologier som m\u00f6jligg\u00f6r den mobila arbetsplatsen<\/h2>\n<p>\nF\u00f6r att fr\u00e4mja den h\u00e4r utvecklingen kr\u00e4vs robusta l\u00f6sningar f\u00f6r en smidig anv\u00e4ndarupplevelse. Plattformar som erbjuder s\u00e4ker fj\u00e4rr\u00e5tkomst, integrerad samarbetsfunktionalitet och anv\u00e4ndarv\u00e4nlig design \u00e4r avg\u00f6rande. Detta inkluderar att kunna synkronisera data, hantera s\u00e4kerhetsrisker och m\u00f6jligg\u00f6ra snabb tillg\u00e5ng till f\u00f6retagsresurser.\n<\/p>\n<p>\nEn s\u00e5dan l\u00f6sning \u00e4r <a href=\"https:\/\/deep-pond.app\/sv\/\">Deep Pond<\/a>, en modern app som underl\u00e4ttar digitala arbetsytor, med fokus p\u00e5 att skapa en effektiv och anpassningsbar mobil arbetsmilj\u00f6. Genom att anv\u00e4nda denna plattform kan anv\u00e4ndare s\u00f6ml\u00f6st flytta mellan olika arbetsenheter och arbetsplatser, samtidigt som den s\u00e4kerst\u00e4ller att data \u00e4r skyddad och enkel att hantera.<\/p>\n<p>\n<em>F\u00f6r att egentligen utnyttja potentialen i denna utveckling \u00e4r det viktigt att enkelt kunna skaffa verktyg som f\u00f6rb\u00e4ttrar mobil arbetsupplevelse.<\/em> Vill du f\u00f6rvandla din smartphone till ett fullgott arbetsinstrument? D\u00e5 \u00e4r det enkelt att skaffa Deep Pond till telefonen och b\u00f6rja arbeta mer flexibelt redan idag.\n<\/p>\n<h2>Strategiska f\u00f6rdelar med mobil arbetsplatsintegration<\/h2>\n<ol>\n<li>\n<strong>\u00d6kad flexibilitet och tillg\u00e4nglighet<\/strong><br \/>\n    Anst\u00e4llda kan arbeta p\u00e5 sina villkor, vilket \u00f6kar engagemang och produktivitet.\n  <\/li>\n<li>\n<strong>Effektivare samarbete<\/strong><br \/>\n    Verktyg som Deep Pond m\u00f6jligg\u00f6r s\u00f6ml\u00f6sa samarbetsfl\u00f6den, oavsett geografisk plats.\n  <\/li>\n<li>\n<strong>St\u00e4rkt datas\u00e4kerhet<\/strong><br \/>\n    Modern app-arkitektur och kryptering skyddar k\u00e4nslig information i realtid.\n  <\/li>\n<li>\n<strong>Kostnadsbesparingar<\/strong><br \/>\n    Mindre beroende av fysiska kontorsutrymmen och resurser.\n  <\/li>\n<\/ol>\n<h2>Framtiden f\u00f6r den mobila arbetsplatsen<\/h2>\n<p>\nDen digitala arbetsmilj\u00f6n forts\u00e4tter att utvecklas i snabb takt, och f\u00f6retag som anammar mobila l\u00f6sningar f\u00e5r ett konkurrensf\u00f6rdel. Teknik som artificiell intelligens, VPN-nycklar f\u00f6r b\u00e4ttre s\u00e4kerhet och molntj\u00e4nster f\u00f6r snabb \u00e5tkomst blir alltmer integrerade i de verktyg som m\u00f6jligg\u00f6r dagens flexibla arbetsmodeller.\n<\/p>\n<p>\nDet \u00e4r tydligt att en konkurrenskraftig arbetsplats inte l\u00e4ngre \u00e4r begr\u00e4nsad till en fysisk plats, utan blir ett ekosystem av mobila verktyg och digitala tj\u00e4nster. Att kunna skaffa Deep Pond till telefonen \u00e4r d\u00e4rmed inte bara ett praktiskt steg, utan en strategisk investering i framtidens arbetsmilj\u00f6.\n<\/p>\n<h2>Sammanfattning<\/h2>\n<p>\nDen mobila arbetsplatsens framv\u00e4xt visar att digital innovation \u00e4r en oumb\u00e4rlig del av framtidens organisationer. Att erbjuda anst\u00e4llda m\u00f6jligheten att arbeta fritt och s\u00e4kert via sina mobila enheter kr\u00e4ver r\u00e4tt verktyg\u2014med anv\u00e4ndarv\u00e4nlighet, tillf\u00f6rlitlighet och s\u00e4kerhet i fokus. Webbplattformar som Deep Pond blir centrala tillh\u00f6righeter i detta ekosystem, och att enkelt kunna skaffa Deep Pond till telefonen kan vara den nyckel till \u00f6kad effektivitet och konkurrenskraft.<\/p>\n","protected":false},"excerpt":{"rendered":"<p>I en v\u00e4rld d\u00e4r digital transformation \u00e4r en fundamental drivkraft, har konceptet av arbetsplatser utvecklats bortom den fysiska kontorsmilj\u00f6n. Ledare,<\/p>\n","protected":false},"author":1,"featured_media":0,"comment_status":"open","ping_status":"open","sticky":false,"template":"","format":"standard","meta":{"footnotes":""},"categories":[1],"tags":[],"class_list":["post-213845","post","type-post","status-publish","format-standard","hentry","category-uncategorized"],"yoast_head":"<!-- This site is optimized with the Yoast SEO plugin v22.7 - https:\/\/yoast.com\/wordpress\/plugins\/seo\/ -->\n<title>Den Evolving Digitala Arbetsplatsen: Mobilitet som K\u00e4rnkomponent - Techit Africa<\/title>\n<meta name=\"robots\" content=\"index, follow, max-snippet:-1, max-image-preview:large, max-video-preview:-1\" \/>\n<link rel=\"canonical\" href=\"https:\/\/www.techit.africa\/index.php\/2025\/06\/02\/den-evolving-digitala-arbetsplatsen-mobilitet-som-karnkomponent\/\" \/>\n<meta property=\"og:locale\" content=\"en_US\" \/>\n<meta property=\"og:type\" content=\"article\" \/>\n<meta property=\"og:title\" content=\"Den Evolving Digitala Arbetsplatsen: Mobilitet som K\u00e4rnkomponent - Techit Africa\" \/>\n<meta property=\"og:description\" content=\"I en v\u00e4rld d\u00e4r digital transformation \u00e4r en fundamental drivkraft, har konceptet av arbetsplatser utvecklats bortom den fysiska kontorsmilj\u00f6n. Ledare,\" \/>\n<meta property=\"og:url\" content=\"https:\/\/www.techit.africa\/index.php\/2025\/06\/02\/den-evolving-digitala-arbetsplatsen-mobilitet-som-karnkomponent\/\" \/>\n<meta property=\"og:site_name\" content=\"Techit Africa\" \/>\n<meta property=\"article:published_time\" content=\"2025-06-02T10:14:17+00:00\" \/>\n<meta property=\"article:modified_time\" content=\"2026-06-02T11:14:44+00:00\" \/>\n<meta name=\"author\" content=\"techit\" \/>\n<meta name=\"twitter:card\" content=\"summary_large_image\" \/>\n<meta name=\"twitter:label1\" content=\"Written by\" \/>\n\t<meta name=\"twitter:data1\" content=\"techit\" \/>\n\t<meta name=\"twitter:label2\" content=\"Est. reading time\" \/>\n\t<meta name=\"twitter:data2\" content=\"3 minutes\" \/>\n<script type=\"application\/ld+json\" class=\"yoast-schema-graph\">{\"@context\":\"https:\/\/schema.org\",\"@graph\":[{\"@type\":\"Article\",\"@id\":\"https:\/\/www.techit.africa\/index.php\/2025\/06\/02\/den-evolving-digitala-arbetsplatsen-mobilitet-som-karnkomponent\/#article\",\"isPartOf\":{\"@id\":\"https:\/\/www.techit.africa\/index.php\/2025\/06\/02\/den-evolving-digitala-arbetsplatsen-mobilitet-som-karnkomponent\/\"},\"author\":{\"name\":\"techit\",\"@id\":\"https:\/\/techit.africa\/#\/schema\/person\/5a12b5614e71fe479b69664e20e538e6\"},\"headline\":\"Den Evolving Digitala Arbetsplatsen: Mobilitet som K\u00e4rnkomponent\",\"datePublished\":\"2025-06-02T10:14:17+00:00\",\"dateModified\":\"2026-06-02T11:14:44+00:00\",\"mainEntityOfPage\":{\"@id\":\"https:\/\/www.techit.africa\/index.php\/2025\/06\/02\/den-evolving-digitala-arbetsplatsen-mobilitet-som-karnkomponent\/\"},\"wordCount\":606,\"commentCount\":0,\"publisher\":{\"@id\":\"https:\/\/techit.africa\/#organization\"},\"inLanguage\":\"en-US\",\"potentialAction\":[{\"@type\":\"CommentAction\",\"name\":\"Comment\",\"target\":[\"https:\/\/www.techit.africa\/index.php\/2025\/06\/02\/den-evolving-digitala-arbetsplatsen-mobilitet-som-karnkomponent\/#respond\"]}]},{\"@type\":\"WebPage\",\"@id\":\"https:\/\/www.techit.africa\/index.php\/2025\/06\/02\/den-evolving-digitala-arbetsplatsen-mobilitet-som-karnkomponent\/\",\"url\":\"https:\/\/www.techit.africa\/index.php\/2025\/06\/02\/den-evolving-digitala-arbetsplatsen-mobilitet-som-karnkomponent\/\",\"name\":\"Den Evolving Digitala Arbetsplatsen: Mobilitet som K\u00e4rnkomponent - Techit Africa\",\"isPartOf\":{\"@id\":\"https:\/\/techit.africa\/#website\"},\"datePublished\":\"2025-06-02T10:14:17+00:00\",\"dateModified\":\"2026-06-02T11:14:44+00:00\",\"inLanguage\":\"en-US\",\"potentialAction\":[{\"@type\":\"ReadAction\",\"target\":[\"https:\/\/www.techit.africa\/index.php\/2025\/06\/02\/den-evolving-digitala-arbetsplatsen-mobilitet-som-karnkomponent\/\"]}]},{\"@type\":\"WebSite\",\"@id\":\"https:\/\/techit.africa\/#website\",\"url\":\"https:\/\/techit.africa\/\",\"name\":\"Techit Africa\",\"description\":\"Your go-to online electronics store.\",\"publisher\":{\"@id\":\"https:\/\/techit.africa\/#organization\"},\"potentialAction\":[{\"@type\":\"SearchAction\",\"target\":{\"@type\":\"EntryPoint\",\"urlTemplate\":\"https:\/\/techit.africa\/?s={search_term_string}\"},\"query-input\":\"required name=search_term_string\"}],\"inLanguage\":\"en-US\"},{\"@type\":\"Organization\",\"@id\":\"https:\/\/techit.africa\/#organization\",\"name\":\"Techit Africa\",\"url\":\"https:\/\/techit.africa\/\",\"logo\":{\"@type\":\"ImageObject\",\"inLanguage\":\"en-US\",\"@id\":\"https:\/\/techit.africa\/#\/schema\/logo\/image\/\",\"url\":\"https:\/\/techit.africa\/wp-content\/uploads\/2023\/04\/Techit-Logo.jpg\",\"contentUrl\":\"https:\/\/techit.africa\/wp-content\/uploads\/2023\/04\/Techit-Logo.jpg\",\"width\":1125,\"height\":391,\"caption\":\"Techit Africa\"},\"image\":{\"@id\":\"https:\/\/techit.africa\/#\/schema\/logo\/image\/\"}},{\"@type\":\"Person\",\"@id\":\"https:\/\/techit.africa\/#\/schema\/person\/5a12b5614e71fe479b69664e20e538e6\",\"name\":\"techit\",\"image\":{\"@type\":\"ImageObject\",\"inLanguage\":\"en-US\",\"@id\":\"https:\/\/techit.africa\/#\/schema\/person\/image\/\",\"url\":\"https:\/\/secure.gravatar.com\/avatar\/f54f97bd7497575c853d11681811d6f2d3012abfcfb5ac197f30e278de3a8b2b?s=96&d=mm&r=g\",\"contentUrl\":\"https:\/\/secure.gravatar.com\/avatar\/f54f97bd7497575c853d11681811d6f2d3012abfcfb5ac197f30e278de3a8b2b?s=96&d=mm&r=g\",\"caption\":\"techit\"},\"sameAs\":[\"http:\/\/techit.africa\"],\"url\":\"https:\/\/www.techit.africa\/index.php\/author\/techit\/\"}]}<\/script>\n<!-- \/ Yoast SEO plugin. -->","yoast_head_json":{"title":"Den Evolving Digitala Arbetsplatsen: Mobilitet som K\u00e4rnkomponent - Techit Africa","robots":{"index":"index","follow":"follow","max-snippet":"max-snippet:-1","max-image-preview":"max-image-preview:large","max-video-preview":"max-video-preview:-1"},"canonical":"https:\/\/www.techit.africa\/index.php\/2025\/06\/02\/den-evolving-digitala-arbetsplatsen-mobilitet-som-karnkomponent\/","og_locale":"en_US","og_type":"article","og_title":"Den Evolving Digitala Arbetsplatsen: Mobilitet som K\u00e4rnkomponent - Techit Africa","og_description":"I en v\u00e4rld d\u00e4r digital transformation \u00e4r en fundamental drivkraft, har konceptet av arbetsplatser utvecklats bortom den fysiska kontorsmilj\u00f6n. Ledare,","og_url":"https:\/\/www.techit.africa\/index.php\/2025\/06\/02\/den-evolving-digitala-arbetsplatsen-mobilitet-som-karnkomponent\/","og_site_name":"Techit Africa","article_published_time":"2025-06-02T10:14:17+00:00","article_modified_time":"2026-06-02T11:14:44+00:00","author":"techit","twitter_card":"summary_large_image","twitter_misc":{"Written by":"techit","Est. reading time":"3 minutes"},"schema":{"@context":"https:\/\/schema.org","@graph":[{"@type":"Article","@id":"https:\/\/www.techit.africa\/index.php\/2025\/06\/02\/den-evolving-digitala-arbetsplatsen-mobilitet-som-karnkomponent\/#article","isPartOf":{"@id":"https:\/\/www.techit.africa\/index.php\/2025\/06\/02\/den-evolving-digitala-arbetsplatsen-mobilitet-som-karnkomponent\/"},"author":{"name":"techit","@id":"https:\/\/techit.africa\/#\/schema\/person\/5a12b5614e71fe479b69664e20e538e6"},"headline":"Den Evolving Digitala Arbetsplatsen: Mobilitet som K\u00e4rnkomponent","datePublished":"2025-06-02T10:14:17+00:00","dateModified":"2026-06-02T11:14:44+00:00","mainEntityOfPage":{"@id":"https:\/\/www.techit.africa\/index.php\/2025\/06\/02\/den-evolving-digitala-arbetsplatsen-mobilitet-som-karnkomponent\/"},"wordCount":606,"commentCount":0,"publisher":{"@id":"https:\/\/techit.africa\/#organization"},"inLanguage":"en-US","potentialAction":[{"@type":"CommentAction","name":"Comment","target":["https:\/\/www.techit.africa\/index.php\/2025\/06\/02\/den-evolving-digitala-arbetsplatsen-mobilitet-som-karnkomponent\/#respond"]}]},{"@type":"WebPage","@id":"https:\/\/www.techit.africa\/index.php\/2025\/06\/02\/den-evolving-digitala-arbetsplatsen-mobilitet-som-karnkomponent\/","url":"https:\/\/www.techit.africa\/index.php\/2025\/06\/02\/den-evolving-digitala-arbetsplatsen-mobilitet-som-karnkomponent\/","name":"Den Evolving Digitala Arbetsplatsen: Mobilitet som K\u00e4rnkomponent - Techit Africa","isPartOf":{"@id":"https:\/\/techit.africa\/#website"},"datePublished":"2025-06-02T10:14:17+00:00","dateModified":"2026-06-02T11:14:44+00:00","inLanguage":"en-US","potentialAction":[{"@type":"ReadAction","target":["https:\/\/www.techit.africa\/index.php\/2025\/06\/02\/den-evolving-digitala-arbetsplatsen-mobilitet-som-karnkomponent\/"]}]},{"@type":"WebSite","@id":"https:\/\/techit.africa\/#website","url":"https:\/\/techit.africa\/","name":"Techit Africa","description":"Your go-to online electronics store.","publisher":{"@id":"https:\/\/techit.africa\/#organization"},"potentialAction":[{"@type":"SearchAction","target":{"@type":"EntryPoint","urlTemplate":"https:\/\/techit.africa\/?s={search_term_string}"},"query-input":"required name=search_term_string"}],"inLanguage":"en-US"},{"@type":"Organization","@id":"https:\/\/techit.africa\/#organization","name":"Techit Africa","url":"https:\/\/techit.africa\/","logo":{"@type":"ImageObject","inLanguage":"en-US","@id":"https:\/\/techit.africa\/#\/schema\/logo\/image\/","url":"https:\/\/techit.africa\/wp-content\/uploads\/2023\/04\/Techit-Logo.jpg","contentUrl":"https:\/\/techit.africa\/wp-content\/uploads\/2023\/04\/Techit-Logo.jpg","width":1125,"height":391,"caption":"Techit Africa"},"image":{"@id":"https:\/\/techit.africa\/#\/schema\/logo\/image\/"}},{"@type":"Person","@id":"https:\/\/techit.africa\/#\/schema\/person\/5a12b5614e71fe479b69664e20e538e6","name":"techit","image":{"@type":"ImageObject","inLanguage":"en-US","@id":"https:\/\/techit.africa\/#\/schema\/person\/image\/","url":"https:\/\/secure.gravatar.com\/avatar\/f54f97bd7497575c853d11681811d6f2d3012abfcfb5ac197f30e278de3a8b2b?s=96&d=mm&r=g","contentUrl":"https:\/\/secure.gravatar.com\/avatar\/f54f97bd7497575c853d11681811d6f2d3012abfcfb5ac197f30e278de3a8b2b?s=96&d=mm&r=g","caption":"techit"},"sameAs":["http:\/\/techit.africa"],"url":"https:\/\/www.techit.africa\/index.php\/author\/techit\/"}]}},"_links":{"self":[{"href":"https:\/\/www.techit.africa\/index.php\/wp-json\/wp\/v2\/posts\/213845","targetHints":{"allow":["GET"]}}],"collection":[{"href":"https:\/\/www.techit.africa\/index.php\/wp-json\/wp\/v2\/posts"}],"about":[{"href":"https:\/\/www.techit.africa\/index.php\/wp-json\/wp\/v2\/types\/post"}],"author":[{"embeddable":true,"href":"https:\/\/www.techit.africa\/index.php\/wp-json\/wp\/v2\/users\/1"}],"replies":[{"embeddable":true,"href":"https:\/\/www.techit.africa\/index.php\/wp-json\/wp\/v2\/comments?post=213845"}],"version-history":[{"count":1,"href":"https:\/\/www.techit.africa\/index.php\/wp-json\/wp\/v2\/posts\/213845\/revisions"}],"predecessor-version":[{"id":213847,"href":"https:\/\/www.techit.africa\/index.php\/wp-json\/wp\/v2\/posts\/213845\/revisions\/213847"}],"wp:attachment":[{"href":"https:\/\/www.techit.africa\/index.php\/wp-json\/wp\/v2\/media?parent=213845"}],"wp:term":[{"taxonomy":"category","embeddable":true,"href":"https:\/\/www.techit.africa\/index.php\/wp-json\/wp\/v2\/categories?post=213845"},{"taxonomy":"post_tag","embeddable":true,"href":"https:\/\/www.techit.africa\/index.php\/wp-json\/wp\/v2\/tags?post=213845"}],"curies":[{"name":"wp","href":"https:\/\/api.w.org\/{rel}","templated":true}]}}